{"id":7178,"date":"2015-04-15T10:30:30","date_gmt":"2015-04-15T10:30:30","guid":{"rendered":"https:\/\/fabbricaeuropa.net\/?p=7178"},"modified":"2016-07-20T10:47:44","modified_gmt":"2016-07-20T10:47:44","slug":"daniele-ninarellorock-rose-wow","status":"publish","type":"post","link":"https:\/\/fabbricaeuropa.net\/en\/daniele-ninarellorock-rose-wow\/","title":{"rendered":"Daniele Ninarello<br>Rock Rose Wow"},"content":{"rendered":"<p>&nbsp;<\/p>\n<p><em>Rock Rose WoW<\/em>\u00a0 tries to define the profile of three different bodies that exceed toward their ownego doing everything they can do. It&#8217;s a performance about silent revolutions.<\/p>\n<p>By analyzing from different prospectives the theme of the race to self-realization, we can think about all the different personalities living in us, and about the infinite potential that has been sealed and lost in time.<br \/>\nThe aim is to investigate this territory in order to translate &#8220;All I can&#8221; through the body.<\/p>\n<p>In this state the body duplicates, triplicates itself to tell the fragile beauty and the traces of a lost innocence, hidden behind the need to be important, recognized here and now.<\/p>\n<p>&nbsp;<\/p>\n<h6><strong>Daniele Ninarello<\/strong>, after attending the Rotterdam Dance Academy, has danced with several international choreographers: Bruno Listopad, Felix Ruckert, Barbara High, Meekers Uitgesprokendans, Virgilio Sieni. Since 2007 he began a personal choreographic research, and presented his own creations <em>Coded\u2019uomo<\/em>, <em>Man Size<\/em>, <em>Non(leg)azioni,<\/em>\u00a0<em>God Bless You<\/em> and <em>Bianconido<\/em> in several festivals in Italy and abroad including Ammutinamenti, Corpi Urbani, Es.Terni, Short Formats, Mercati Comuni, Interplay\/12, Les Rep\u00e9rages\/Danse \u00e0 Lille, Oltrarno Festival\/Cango, DNA\/Romaeuropa. In 2011 he got a choreographic residency for a co-creation with Gianfranco Celestino at Mosaico Danza and at Centre Chor\u00e9ographique Luxemburgeois. In 2011, with <em>Occhi neri capelli blu<\/em>, he was a finalist in Premio Equilibrio Roma 2011 and with <em>Man Size<\/em> participated in the festival Les Rep\u00e9rages in Charleroi and was selected by CDC-Les Hivernales Avignon in 2011 for the project 100% Danse &#8220;Quand les r\u00e9gions s&#8217;en m\u00ealent &#8230; &#8220;. 2012 production <em>Bianconido<\/em> was selected for the international project Dance Roads.<br \/>\nIn February 2013 he was again a finalist at Premio Equilibrio with <em>Many<\/em> and in May 2013 presented <em>Vertigo<\/em> at Confluenze, a project by Turin Unione Musicale and Torinodanza\/Fondazione del Teatro Stabile di Torino.<br \/>\n<em>Rock Rose WoW<\/em>, Compagnia Daniele Ninarello first production, after receiving the support of 2012 project Movin &#8216;Up II session for a foreign residency at Tanztendenz Munchen, has won the call Teatro del Tempo Presente promoted by Fondazione LIVE-Piemonte Dal Vivo and Ministry for Heritage and Culture.<br \/>\nIn 2014 with <em>L.A.N.D. Where is my love<\/em> he was the winner of the production award for young choreographers COLLABORACTION, promoted by ANTICORPI\u202c XL network and organized by Mosaico Danza.<\/h6>\n<p>&nbsp;<\/p>\n<h6>concept and choreography: Daniele Ninarello<br \/>\nperformance: Annamaria Ajmone, Marta Ciappina, Daniele Ninarello<br \/>\ndramaturgy: Carlotta Scioldo<br \/>\nmusic: Mauro Casappa<br \/>\nset: Paolomatteo Patrucco<br \/>\nlight design: Cristian Perria<br \/>\norganization: Silvia Limone<br \/>\nproduction: CodedUomo<br \/>\nco-production: Fondazione Fabbrica Europa; Lavanderia a Vapore-Centro di eccellenza per la danza di Collegno, Torino; Balletto dell&#8217;Esperia\/Palcoscenico Danza, Torino; Festival Interplay\/Mosaico Danza, Torino; Electa Creative Arts, Teramo; Tanztendenz, Muenchen<\/h6>\n<p>&nbsp;<\/p>\n<p><strong>CALENDAR<\/strong><\/p>\n<p><a href=\"https:\/\/fabbricaeuropa.net\/en\/events\/emergenze-3\/\">May 17, 2013 | Festival Fabbrica Europa &#8211; Teatro Cantiere Florida, Florence<\/a><br \/>\n<a href=\"https:\/\/fabbricaeuropa.net\/en\/events\/rock-rose-wow\/\">July 4, 2013 | Tanztendenz, Munich<\/a><br \/>\n<a href=\"https:\/\/fabbricaeuropa.net\/en\/events\/rock-rose-wow-5\/\">September 23, 2013 | Terni Festival, Terni<\/a><br \/>\n<a href=\"https:\/\/fabbricaeuropa.net\/en\/events\/rock-rose-wow-3\/\">September 26, 2013 | StArt Up Festival, Taranto<\/a><br \/>\n<a href=\"https:\/\/fabbricaeuropa.net\/en\/events\/rock-rose-wow-17\/\">November 10, 2013 | Lavanderia a Vapore, Collegno<\/a><br \/>\n<a href=\"https:\/\/fabbricaeuropa.net\/en\/events\/rock-rose-wow-7\/\">November 22, 2013 | Teatro San Domenico, Crema<\/a><br \/>\n<a href=\"https:\/\/fabbricaeuropa.net\/en\/events\/rock-rose-wow-9\/\">December 14, 2013 | Today To Dance &#8211; Teatro Rasi, Ravenna<\/a><br \/>\n<a href=\"https:\/\/fabbricaeuropa.net\/en\/events\/rock-rose-wow-11\/\">December 15, 2013 | Kilowatt Festival &#8211; Ex Ospedale della Misericordia, Sansepolcro<\/a><br \/>\n<a href=\"https:\/\/fabbricaeuropa.net\/en\/events\/rock-rose-wow-13\/\">December 18, 2013 | Teatro Dario Fo, Camponogara<\/a><br \/>\n<a href=\"https:\/\/fabbricaeuropa.net\/en\/events\/rock-rose-wow-15\/\">December 19, 2013 | Civitanovadanza, Civitanova Marche<\/a><br \/>\n<a href=\"https:\/\/fabbricaeuropa.net\/en\/events\/rock-rose-wow-23\/\">January 11, 2014 | Lavanderia a Vapore, Collegno<\/a><br \/>\n<a href=\"https:\/\/fabbricaeuropa.net\/en\/events\/rock-rose-wow-19\/\">February 28, 2014 | Teatro Municipale, Casale Monferrato<\/a><br \/>\n<a href=\"https:\/\/fabbricaeuropa.net\/en\/events\/rock-rose-wow-35\/\">March 1, 2014 | Spazio Electa, Teramo<\/a><br \/>\n<a href=\"https:\/\/fabbricaeuropa.net\/en\/events\/rock-rose-wow-25\/\">April 17, 2014 | Teatro Astra, Torino<\/a><br \/>\n<a href=\"https:\/\/fabbricaeuropa.net\/en\/events\/rock-rose-wow-27\/\">June 20 \u2013 21, 2014 | Festival Mirabilia, Savigliano<\/a><br \/>\n<a href=\"https:\/\/fabbricaeuropa.net\/en\/events\/rock-rose-wow-21\/\">July 6, 2014 | Festival Inequilibrio, Castiglioncello<\/a><br \/>\n<a href=\"https:\/\/fabbricaeuropa.net\/en\/events\/rock-rose-wow-29\/\">November 7, 2014 | DNA 2014 Romaeuropa, Roma<\/a><br \/>\n<a href=\"https:\/\/fabbricaeuropa.net\/en\/events\/rock-rose-wow-31\/\">November 16, 2014 | Teatro Mecenate, Arezzo<\/a><br \/>\n<a href=\"https:\/\/fabbricaeuropa.net\/en\/events\/rock-rose-wow-33\/\">December 2, 2014 | Teatro Area Nord, Napoli<\/a><br \/>\n<a href=\"https:\/\/fabbricaeuropa.net\/en\/events\/rock-rose-wow-37\/\">December 19, 2014 | CANGO, Firenze<\/a><br \/>\n<a href=\"https:\/\/fabbricaeuropa.net\/en\/events\/rock-rose-wow-39\/\">September 27, 2015 | Teatro Cavallerizza, Reggio Emilia<\/a><br \/>\n<a href=\"https:\/\/fabbricaeuropa.net\/en\/events\/rock-rose-wow-41\/\">October 9, 2015 | NID Platform &#8211; Teatro Sociale, Brescia<\/a><br \/>\n<a href=\"https:\/\/fabbricaeuropa.net\/en\/events\/rock-rose-wow-42\/\">October 20, 2015 | Next &#8211; Teatro Litta, Milan<\/a><br \/>\n<a href=\"https:\/\/fabbricaeuropa.net\/en\/events\/rock-rose-wow-44\/\">November 14, 2015 | MOVE!-14. Krefelder Tage f\u00fcr modernen Tanz &#8211; Kulturzentrum Fabrik Heeder, Krefeld<\/a><br \/>\n<a href=\"https:\/\/fabbricaeuropa.net\/en\/events\/rock-rose-wow-46\/\">February 24, 2015 | Les Hivernales &#8211; Theatre Girasole, Avignon<\/a><\/p>\n<p>&nbsp;<\/p>\n<h6>[photo: Andrea Macchia]<\/h6>\n<p>&nbsp;<\/p>\n<p>&nbsp;<\/p>\n<p>&nbsp;<\/p>\n<p>&nbsp;<\/p>\n<p>&nbsp;<\/p>\n","protected":false},"excerpt":{"rendered":"<p>&nbsp; Rock Rose WoW\u00a0 tries to define the profile of three different bodies that exceed toward their ownego doing everything they can do. It&#8217;s a performance about silent revolutions. By analyzing from different prospectives the theme of the race to self-realization, we can think about all the different personalities living in us, and about the [&hellip;]<\/p>\n","protected":false},"author":2,"featured_media":7173,"comment_status":"closed","ping_status":"open","sticky":false,"template":"","format":"standard","meta":{"footnotes":""},"categories":[34],"tags":[],"class_list":["post-7178","post","type-post","status-publish","format-standard","has-post-thumbnail","hentry","category-productions"],"_links":{"self":[{"href":"https:\/\/fabbricaeuropa.net\/en\/wp-json\/wp\/v2\/posts\/7178","targetHints":{"allow":["GET"]}}],"collection":[{"href":"https:\/\/fabbricaeuropa.net\/en\/wp-json\/wp\/v2\/posts"}],"about":[{"href":"https:\/\/fabbricaeuropa.net\/en\/wp-json\/wp\/v2\/types\/post"}],"author":[{"embeddable":true,"href":"https:\/\/fabbricaeuropa.net\/en\/wp-json\/wp\/v2\/users\/2"}],"replies":[{"embeddable":true,"href":"https:\/\/fabbricaeuropa.net\/en\/wp-json\/wp\/v2\/comments?post=7178"}],"version-history":[{"count":0,"href":"https:\/\/fabbricaeuropa.net\/en\/wp-json\/wp\/v2\/posts\/7178\/revisions"}],"wp:featuredmedia":[{"embeddable":true,"href":"https:\/\/fabbricaeuropa.net\/en\/wp-json\/wp\/v2\/media\/7173"}],"wp:attachment":[{"href":"https:\/\/fabbricaeuropa.net\/en\/wp-json\/wp\/v2\/media?parent=7178"}],"wp:term":[{"taxonomy":"category","embeddable":true,"href":"https:\/\/fabbricaeuropa.net\/en\/wp-json\/wp\/v2\/categories?post=7178"},{"taxonomy":"post_tag","embeddable":true,"href":"https:\/\/fabbricaeuropa.net\/en\/wp-json\/wp\/v2\/tags?post=7178"}],"curies":[{"name":"wp","href":"https:\/\/api.w.org\/{rel}","templated":true}]}}